{"id":1709,"date":"2025-02-27T18:14:45","date_gmt":"2025-02-27T18:14:45","guid":{"rendered":"https:\/\/veinerschull.lu\/?p=1709"},"modified":"2025-03-24T16:01:42","modified_gmt":"2025-03-24T16:01:42","slug":"generalversammlung-elteren-fir-dvakanzekolonie-a-s-b-l","status":"publish","type":"post","link":"https:\/\/veinerschull.lu\/index.php\/2025\/02\/27\/generalversammlung-elteren-fir-dvakanzekolonie-a-s-b-l\/","title":{"rendered":"Annulatioun vun der Generalversammlung &#8211; Elteren fir d\u2019Vakanzekolonie a.s.b.l."},"content":{"rendered":"<p>Gudde Moien,<\/p>\n<p>&nbsp;<\/p>\n<h3><strong>Leider muss ech Iech matdeelen, dass eis Generalversammlung e M\u00ebttwoch 26\/03 kuerzfristeg muss ofgesot ginn.<\/strong><\/h3>\n<p>Et sinn Punkten opgetaucht, d\u00e9i nach musse gekl\u00e4rt ginn.<\/p>\n<p>En neien Datum kann ech direkt nach net matdeelen, et w\u00e4rt awer er\u00e9icht Mee ginn.<\/p>\n<p>D&#8217;Invitatiunn k\u00ebnnt nach no.<\/p>\n<p>&nbsp;<\/p>\n<p>Merci fir \u00c4ert Versteestemech.<\/p>\n<p>&nbsp;<\/p>\n<p>mat fr\u00ebndleche Gr\u00e9iss<\/p>\n<p>Jil Mosar<\/p>\n<p>Sekret\u00e4rin &#8222;Elteren fir d&#8217;Vakanzekolonie a.s.b.l&#8220;<\/p>\n<p><b>__________________________________________-<\/b><\/p>\n<p>&nbsp;<\/p>\n<p><b><br \/>\nINVITATIUNN<\/b><\/p>\n<p>Heimadder invitiere mir Eech h\u00e4erzlech op iis ordin\u00e4r Generalversammlung, di e <strong>M\u00ebttwoch, 26. M\u00e4erz 2025 um 18:30 Auer am Besslingssal<\/strong>l vuan der Larei ofgehale g\u00ebtt.<\/p>\n<p><b>Dagesuerdnung ordin\u00e4r Versammlung<\/b><\/p>\n<ol>\n<li>Uasprooch vuam President<\/li>\n<li>Uapassung vuan de Statuten<\/li>\n<li>Wal vuam Kommitee<\/li>\n<li>Aktivit\u00e9itsbericht vuan 2024 an Ousbl\u00e9ck op 2025<\/li>\n<li>Keessebericht vuan 2024 an Ousbl\u00e9ck op 2025, Keesserevisiunn<\/li>\n<li>Uasprooch vuam Burgemeester \/ Gem\u00e4\u00e4nevertrieder<\/li>\n<\/ol>\n<p>Wann Dir interessiert s\u00ebdd fir en D\u00e4l vuam Kommitee oder einfache Member ze ginn, da mellt Eech wgl. bis den 20. M\u00e4erz b\u00e9i \u00e9iser Sekret\u00e4rin op der Mail-Adress <a href=\"mailto:vakanzekolonie@hotmail.com\">vakanzekolonie@hotmail.com<\/a>.<\/p>\n<p>Mat \u00e9ise beste Gr\u00e9iss<\/p>\n<p>De Kommitee<\/p>\n<p>&nbsp;<\/p>\n","protected":false},"excerpt":{"rendered":"<p>Gudde Moien, &nbsp; Leider muss ech Iech matdeelen, dass eis Generalversammlung e M\u00ebttwoch 26\/03 kuerzfristeg muss ofgesot ginn. Et sinn Punkten opgetaucht, d\u00e9i nach musse gekl\u00e4rt ginn. En neien Datum kann ech direkt nach net matdeelen, et w\u00e4rt awer er\u00e9icht Mee ginn. D&#8217;Invitatiunn k\u00ebnnt nach no. &nbsp; Merci fir \u00c4ert Versteestemech. &nbsp; mat fr\u00ebndleche Gr\u00e9iss&hellip;<\/p>\n","protected":false},"author":1,"featured_media":1710,"comment_status":"closed","ping_status":"closed","sticky":false,"template":"","format":"standard","meta":{"footnotes":""},"categories":[2],"tags":[],"class_list":["post-1709","post","type-post","status-publish","format-standard","has-post-thumbnail","hentry","category-news","category-2","description-off"],"_links":{"self":[{"href":"https:\/\/veinerschull.lu\/index.php\/wp-json\/wp\/v2\/posts\/1709","targetHints":{"allow":["GET"]}}],"collection":[{"href":"https:\/\/veinerschull.lu\/index.php\/wp-json\/wp\/v2\/posts"}],"about":[{"href":"https:\/\/veinerschull.lu\/index.php\/wp-json\/wp\/v2\/types\/post"}],"author":[{"embeddable":true,"href":"https:\/\/veinerschull.lu\/index.php\/wp-json\/wp\/v2\/users\/1"}],"replies":[{"embeddable":true,"href":"https:\/\/veinerschull.lu\/index.php\/wp-json\/wp\/v2\/comments?post=1709"}],"version-history":[{"count":4,"href":"https:\/\/veinerschull.lu\/index.php\/wp-json\/wp\/v2\/posts\/1709\/revisions"}],"predecessor-version":[{"id":1764,"href":"https:\/\/veinerschull.lu\/index.php\/wp-json\/wp\/v2\/posts\/1709\/revisions\/1764"}],"wp:featuredmedia":[{"embeddable":true,"href":"https:\/\/veinerschull.lu\/index.php\/wp-json\/wp\/v2\/media\/1710"}],"wp:attachment":[{"href":"https:\/\/veinerschull.lu\/index.php\/wp-json\/wp\/v2\/media?parent=1709"}],"wp:term":[{"taxonomy":"category","embeddable":true,"href":"https:\/\/veinerschull.lu\/index.php\/wp-json\/wp\/v2\/categories?post=1709"},{"taxonomy":"post_tag","embeddable":true,"href":"https:\/\/veinerschull.lu\/index.php\/wp-json\/wp\/v2\/tags?post=1709"}],"curies":[{"name":"wp","href":"https:\/\/api.w.org\/{rel}","templated":true}]}}