{"id":1778,"date":"2025-04-28T08:54:31","date_gmt":"2025-04-28T08:54:31","guid":{"rendered":"https:\/\/veinerschull.lu\/?p=1778"},"modified":"2025-04-28T08:57:35","modified_gmt":"2025-04-28T08:57:35","slug":"eischte-schoulhond-fir-dveiner-schull","status":"publish","type":"post","link":"https:\/\/veinerschull.lu\/index.php\/2025\/04\/28\/eischte-schoulhond-fir-dveiner-schull\/","title":{"rendered":"\u00c9ischte Schoulhond fir d\u2019Veiner Schull"},"content":{"rendered":"<div class=\"wpb-content-wrapper\"><p>[vc_row][vc_column width=&#8220;2\/3&#8243;][vc_column_text]<b>\u00c9ischte Schoulhond fir d\u2019Veiner Schull<\/b><\/p>\n<p>S\u00e4it Enn Abr\u00ebll ass d\u2019Veiner Schull houfreg k\u00ebnnen hiren \u00e9ischte Schoulhond virzestellen: De Karel. De schwaarze Labrador huet zesumme mat senger Meeschtesch Anouk Galassi all Test an Exame mat \u201eDistiction\u201c bestan an d\u00e4erf sech lo offiziell als Schoulhond bezeechnen.<\/p>\n<p>Duerch konkret kandorient\u00e9iert Zilvirgaben h\u00eblleft eise neie Schoulhond L\u00e9ierprozesser ze initi\u00e9ieren, duerch d\u00e9i schw\u00e9ierpunktm\u00e9isseg emotional a sozial Kompetenzen vum Kand verbessert ginn.<\/p>\n<p>De Karel ass puer Deeg an der Woch bei de Kanner an der Klass fir si moralesch ze \u00ebnnerst\u00ebtzen an hinnen \u00ebnner anerem d\u2018Gefill vu Gebuergenheet a S\u00e9cherheet ze ginn.<\/p>\n<p>Grad eise Sch\u00fcler mat spezifesche Besoine kann de Karel \u00a0h\u00ebllefen hire Schoulalldag e b\u00ebsse m\u00e9i angeneem ze gestalten.<\/p>\n<p>Lo schonn e grousse Merci un de Karel an d\u2019Anouk fir hiren Asaz am S\u00ebnn vun de Schoulkanner.[\/vc_column_text][\/vc_column][vc_column width=&#8220;1\/3&#8243;][vc_single_image image=&#8220;1779&#8243; img_size=&#8220;large&#8220; alignment=&#8220;center&#8220; style=&#8220;vc_box_rounded&#8220; css=&#8220;&#8220;][\/vc_column][\/vc_row][vc_row][vc_column][vc_separator color=&#8220;custom&#8220; css=&#8220;&#8220; accent_color=&#8220;#A71818&#8243;][\/vc_column][\/vc_row][vc_row][vc_column][vc_empty_space][\/vc_column][\/vc_row][vc_row][vc_column width=&#8220;1\/2&#8243;][vc_single_image image=&#8220;1782&#8243; img_size=&#8220;large&#8220; alignment=&#8220;center&#8220; style=&#8220;vc_box_rounded&#8220; css=&#8220;&#8220;][\/vc_column][vc_column width=&#8220;1\/2&#8243;][vc_single_image image=&#8220;1780&#8243; img_size=&#8220;large&#8220; alignment=&#8220;center&#8220; style=&#8220;vc_box_rounded&#8220; css=&#8220;&#8220;][\/vc_column][\/vc_row]<\/p>\n<\/div>","protected":false},"excerpt":{"rendered":"<p>[vc_row][vc_column width=&#8220;2\/3&#8243;][vc_column_text]\u00c9ischte Schoulhond fir d\u2019Veiner Schull S\u00e4it Enn Abr\u00ebll ass d\u2019Veiner Schull houfreg k\u00ebnnen hiren \u00e9ischte Schoulhond virzestellen: De Karel. De schwaarze Labrador huet zesumme mat senger Meeschtesch Anouk Galassi all Test an Exame mat \u201eDistiction\u201c bestan an d\u00e4erf sech lo offiziell als Schoulhond bezeechnen. Duerch konkret kandorient\u00e9iert Zilvirgaben h\u00eblleft eise neie Schoulhond L\u00e9ierprozesser ze&hellip;<\/p>\n","protected":false},"author":1,"featured_media":1781,"comment_status":"closed","ping_status":"closed","sticky":false,"template":"","format":"standard","meta":{"footnotes":""},"categories":[2],"tags":[],"class_list":["post-1778","post","type-post","status-publish","format-standard","has-post-thumbnail","hentry","category-news","category-2","description-off"],"_links":{"self":[{"href":"https:\/\/veinerschull.lu\/index.php\/wp-json\/wp\/v2\/posts\/1778","targetHints":{"allow":["GET"]}}],"collection":[{"href":"https:\/\/veinerschull.lu\/index.php\/wp-json\/wp\/v2\/posts"}],"about":[{"href":"https:\/\/veinerschull.lu\/index.php\/wp-json\/wp\/v2\/types\/post"}],"author":[{"embeddable":true,"href":"https:\/\/veinerschull.lu\/index.php\/wp-json\/wp\/v2\/users\/1"}],"replies":[{"embeddable":true,"href":"https:\/\/veinerschull.lu\/index.php\/wp-json\/wp\/v2\/comments?post=1778"}],"version-history":[{"count":1,"href":"https:\/\/veinerschull.lu\/index.php\/wp-json\/wp\/v2\/posts\/1778\/revisions"}],"predecessor-version":[{"id":1783,"href":"https:\/\/veinerschull.lu\/index.php\/wp-json\/wp\/v2\/posts\/1778\/revisions\/1783"}],"wp:featuredmedia":[{"embeddable":true,"href":"https:\/\/veinerschull.lu\/index.php\/wp-json\/wp\/v2\/media\/1781"}],"wp:attachment":[{"href":"https:\/\/veinerschull.lu\/index.php\/wp-json\/wp\/v2\/media?parent=1778"}],"wp:term":[{"taxonomy":"category","embeddable":true,"href":"https:\/\/veinerschull.lu\/index.php\/wp-json\/wp\/v2\/categories?post=1778"},{"taxonomy":"post_tag","embeddable":true,"href":"https:\/\/veinerschull.lu\/index.php\/wp-json\/wp\/v2\/tags?post=1778"}],"curies":[{"name":"wp","href":"https:\/\/api.w.org\/{rel}","templated":true}]}}